{"id":10261,"date":"2025-04-25T10:24:13","date_gmt":"2025-04-25T08:24:13","guid":{"rendered":"https:\/\/lamaisondesarts.be\/invente-ton-livre\/"},"modified":"2025-06-06T09:33:39","modified_gmt":"2025-06-06T07:33:39","slug":"invente-ton-livre","status":"publish","type":"post","link":"https:\/\/lamaisondesarts.be\/nl\/invente-ton-livre\/","title":{"rendered":"INVENTE TON LIVRE OBJET"},"content":{"rendered":"<p><span style=\"font-weight: 400;\">Propos\u00e9 par Na\u00efla Akli ( artiste graveuse ) et Eric Audoubert ( artiste graveur )<\/span><\/p>\n<p>&nbsp;<\/p>\n<p><strong><i>Monotype, collagraphie, gravure sur t\u00e9trapak et plexiglass, cyanotype, transfert au papier carbone et calque, dessin, peinture, empreintes.<\/i><\/strong><\/p>\n<p>&nbsp;<\/p>\n<p><span style=\"font-weight: 400;\">Durant les 5 jours de stage nous exp\u00e9rimenterons de fa\u00e7on ludique divers proc\u00e9d\u00e9s directs ( \u00e9criture, dessin, peinture, frottage, collage&#8230; ) et indirects ( impression, transfert, monotype&#8230;). A l\u2019issue du travail de <\/span><span style=\"font-weight: 400;\">recherche, nous assemblerons les images et les textes pour former un livre d\u2019artiste, unique, avec lequel chaque participant repartira.<\/span><\/p>\n<p>&nbsp;<\/p>\n<p><strong>INFOS<\/strong><\/p>\n<p><span style=\"font-weight: 400;\">Dates: Du 14 au 18 juillet 2025<\/span><\/p>\n<p><span style=\"font-weight: 400;\">Ages: 8 &#8211; 12 ans<\/span><\/p>\n<p><span style=\"font-weight: 400;\">9h-16h \/ garderie gratuite de 8h \u00e0 9h et de 16h \u00e0 17h<\/span><\/p>\n<p><span style=\"font-weight: 400;\">115\u20ac tarif plein \/ 85\u20ac pour les Schaerbeekois\u00a0<\/span><\/p>\n<p><span style=\"font-weight: 400;\">A apporter : s<\/span><span style=\"font-weight: 400;\">es collations et boissons pour la journ\u00e9e<\/span><\/p>\n<p><a href=\"https:\/\/tickets.1030.be\/145916\/view?popup=True&amp;pageLayout=w*aw*cente\">Inscription<\/a><\/p>\n<p>&nbsp;<\/p>\n","protected":false},"excerpt":{"rendered":"<p>VOYAGE A TRAVERS LES TECHNIQUES D&#8217;IMPRESSIONS ARTISANALES<\/p>\n","protected":false},"author":2,"featured_media":10257,"comment_status":"open","ping_status":"open","sticky":false,"template":"","format":"standard","meta":{"_acf_changed":false,"footnotes":""},"categories":[78,80],"tags":[],"class_list":["post-10261","post","type-post","status-publish","format-standard","has-post-thumbnail","hentry","category-agenda-en-nl","category-stages-nl","publics-8-12-ans-nl"],"acf":[],"aioseo_notices":[],"_links":{"self":[{"href":"https:\/\/lamaisondesarts.be\/nl\/wp-json\/wp\/v2\/posts\/10261","targetHints":{"allow":["GET"]}}],"collection":[{"href":"https:\/\/lamaisondesarts.be\/nl\/wp-json\/wp\/v2\/posts"}],"about":[{"href":"https:\/\/lamaisondesarts.be\/nl\/wp-json\/wp\/v2\/types\/post"}],"author":[{"embeddable":true,"href":"https:\/\/lamaisondesarts.be\/nl\/wp-json\/wp\/v2\/users\/2"}],"replies":[{"embeddable":true,"href":"https:\/\/lamaisondesarts.be\/nl\/wp-json\/wp\/v2\/comments?post=10261"}],"version-history":[{"count":6,"href":"https:\/\/lamaisondesarts.be\/nl\/wp-json\/wp\/v2\/posts\/10261\/revisions"}],"predecessor-version":[{"id":10848,"href":"https:\/\/lamaisondesarts.be\/nl\/wp-json\/wp\/v2\/posts\/10261\/revisions\/10848"}],"wp:featuredmedia":[{"embeddable":true,"href":"https:\/\/lamaisondesarts.be\/nl\/wp-json\/wp\/v2\/media\/10257"}],"wp:attachment":[{"href":"https:\/\/lamaisondesarts.be\/nl\/wp-json\/wp\/v2\/media?parent=10261"}],"wp:term":[{"taxonomy":"category","embeddable":true,"href":"https:\/\/lamaisondesarts.be\/nl\/wp-json\/wp\/v2\/categories?post=10261"},{"taxonomy":"post_tag","embeddable":true,"href":"https:\/\/lamaisondesarts.be\/nl\/wp-json\/wp\/v2\/tags?post=10261"}],"curies":[{"name":"wp","href":"https:\/\/api.w.org\/{rel}","templated":true}]}}