{"id":3238,"date":"2020-06-25T12:37:57","date_gmt":"2020-06-25T10:37:57","guid":{"rendered":"http:\/\/lamaisondesarts.be\/?p=3238"},"modified":"2020-11-17T15:20:56","modified_gmt":"2020-11-17T14:20:56","slug":"tomber-en-amour","status":"publish","type":"post","link":"https:\/\/lamaisondesarts.be\/nl\/tomber-en-amour\/","title":{"rendered":"Tomber en amour"},"content":{"rendered":"<h2>Beste bezoeker,<\/h2>\n<h2>Door de nieuwe maatregelen zien wij ons helaas genoodzaakt de tentoonstelling \u2018Tomber en amour\u2019 in La Maison des Arts te sluiten.<\/h2>\n<h2>Ook de geplande activiteiten en geleide bezoeken worden geannuleerd.<\/h2>\n<h2>Bedankt en hopelijk tot gauw!<\/h2>\n<h2>Zorg goed voor uzelf!<\/h2>\n<h2>La Maison des Arts<\/h2>\n<p>Voor de eerste keer zal La Maison des Arts werken uit een priv\u00e9collectie tentoonstellen. Deze collectie is van Christophe Veys. Hij koos als rode draad voor de liefde en haar vele varianten om het zo gemakkelijker te maken deze werken te begrijpen. Er is uiteraard de amoureuze ontmoeting, maar ook de liefde voor de kunst, liefdevolle woordjes enzovoort \u2026 Iedere kamer in het huis wordt het schouwtoneel van een van deze facetten van de liefde.<\/p>\n<p>\u201cEr zijn duizenden kunstverzamelaars. Ik hou ervan als die collecties een zelfportret zijn.\u201d Christophe Veys<\/p>\n<p>MET:<\/p>\n<h4><strong>APPARATUS 22, Laurette ATRUX-TALLAU, Marcos AVILA FORERO, Otto BERCHEM, David BESTU\u00c9, <\/strong><strong>Pierre BISMUTH, Luz BROTO, Stefan BR\u00dcGGEMANN, Juan CA\u00d1IZARES, Cedric CHRISTIE, Edith DEKYNDT, DENICOLAI &amp; PROVOOST, Angela DETANICO \/ Rafael LAIN, Lise DUCLAUX, Serge FINSCHI, Aur\u00e9lien FROMENT, Cristina GARRIDO, Bernard GAUBE, Pierre GERARD, gerlach en koop, R\u00e9my HANS, Heide HINRICHS, Myriam HORNARD, Gudny Rosa INGIMARSDOTTIR, Florian KINIQUES, Klaas KLOOSTERBOER, Takahiro KUDO, Yves LECOMTE, Pierre LIEBAERT, Myriam LOUYEST, Marie-France &amp; Patricia MARTIN, Marianne MISPELA\u00cbRE, Rokko MIYOSHI, Roman ONDAK, Beno\u00eet PLAT\u00c9US, Sandra PRYCZYNSKI, Katarzyna PRZEZWA\u0143SKA, Edurne RUBIO, Emmanuel SELVA, Adam VACKAR, Pep VIDAL, Oriol VILANOVA, Danh VO<\/strong><\/h4>\n<p>&nbsp;<\/p>\n<h5><strong>RESERVEREN VERPLICHT<\/strong><\/h5>\n<h5><strong>LA MAISON DES ARTS VINDT HET BELANGRIJK U TE KUNNEN ONTVANGEN IN DE BESTE OMSTANDIGHEDEN, MET STRIKTE NALEVING VAN ALLE VEILIGHEIDSMAATREGELEN DIE DE CORONACRISIS MEEBRENGT.<\/strong><br \/>\n<strong>WE VOERDEN DAN OOK DE NODIGE MAATREGELEN IN OM TE VERZEKEREN DAT UW BEZOEK GOED VERLOOPT: ER MOET EEN LOOPRICHTING WORDEN GEVOLGD, ER WORDT ALCOHOLGEL AANGEBODEN, EN IN HET GEBOUW MOET EEN MONDMASKER WORDEN GEDRAGEN. DE RUIMTES WORDEN OOK REGELMATIG SCHOONGEMAAKT DOOR ONS ONDERHOUDSPERSONEEL.<\/strong><br \/>\n<strong>GROEPEN VOOR GELEIDE BEZOEKEN EN ANDERE ACTIVITEITEN WORDEN TOT SLOT BEPERKT TOT 10\u00a0PERSONEN.<\/strong><\/h5>\n<h6><strong>Tekening : Greenland (c) Pep Vidal<\/strong><\/h6>\n","protected":false},"excerpt":{"rendered":"<p>VEYS-VERHAEVERT VERZAMELING<\/p>\n","protected":false},"author":2,"featured_media":3233,"comment_status":"open","ping_status":"open","sticky":false,"template":"","format":"standard","meta":{"_acf_changed":false,"footnotes":""},"categories":[79,78],"tags":[],"class_list":["post-3238","post","type-post","status-publish","format-standard","has-post-thumbnail","hentry","category-tentoonstelling","category-agenda-en-nl","publics-alle-leeftijden"],"acf":[],"aioseo_notices":[],"_links":{"self":[{"href":"https:\/\/lamaisondesarts.be\/nl\/wp-json\/wp\/v2\/posts\/3238","targetHints":{"allow":["GET"]}}],"collection":[{"href":"https:\/\/lamaisondesarts.be\/nl\/wp-json\/wp\/v2\/posts"}],"about":[{"href":"https:\/\/lamaisondesarts.be\/nl\/wp-json\/wp\/v2\/types\/post"}],"author":[{"embeddable":true,"href":"https:\/\/lamaisondesarts.be\/nl\/wp-json\/wp\/v2\/users\/2"}],"replies":[{"embeddable":true,"href":"https:\/\/lamaisondesarts.be\/nl\/wp-json\/wp\/v2\/comments?post=3238"}],"version-history":[{"count":13,"href":"https:\/\/lamaisondesarts.be\/nl\/wp-json\/wp\/v2\/posts\/3238\/revisions"}],"predecessor-version":[{"id":3638,"href":"https:\/\/lamaisondesarts.be\/nl\/wp-json\/wp\/v2\/posts\/3238\/revisions\/3638"}],"wp:featuredmedia":[{"embeddable":true,"href":"https:\/\/lamaisondesarts.be\/nl\/wp-json\/wp\/v2\/media\/3233"}],"wp:attachment":[{"href":"https:\/\/lamaisondesarts.be\/nl\/wp-json\/wp\/v2\/media?parent=3238"}],"wp:term":[{"taxonomy":"category","embeddable":true,"href":"https:\/\/lamaisondesarts.be\/nl\/wp-json\/wp\/v2\/categories?post=3238"},{"taxonomy":"post_tag","embeddable":true,"href":"https:\/\/lamaisondesarts.be\/nl\/wp-json\/wp\/v2\/tags?post=3238"}],"curies":[{"name":"wp","href":"https:\/\/api.w.org\/{rel}","templated":true}]}}