{"id":8140,"date":"2023-06-16T15:47:24","date_gmt":"2023-06-16T13:47:24","guid":{"rendered":"http:\/\/lamaisondesarts.be\/dressing\/"},"modified":"2025-05-22T10:54:01","modified_gmt":"2025-05-22T08:54:01","slug":"dressing","status":"publish","type":"post","link":"https:\/\/lamaisondesarts.be\/nl\/dressing\/","title":{"rendered":"DRESSING"},"content":{"rendered":"<p>We kunnen het niet over het gedragen kledingstuk hebben zonder stil te staan bij de betekenis ervan. Wat wil dat zeggen: een kledingstuk &#8216;dragen&#8217;?<\/p>\n<p>Aan de hand van het werk van zo&#8217;n vijftien hedendaagse kunstenaars die in dialoog worden gebracht met de werken van de gemeentelijke collectie van Schaarbeek (19de en 20ste eeuw) nodigt de tentoonstelling <em>Dressing<\/em> ons uit om stil te staan bij de zintuiglijkheid van het kleden, en bij de interactie tussen lichaam, kledingstuk en kunstwerk.<\/p>\n<p>De tentoonstelling geeft ons de kans om werken vanuit een andere invalshoek te zien, met een focus op het kledingstuk, een element dat vaak bijkomstig en bijna onzichtbaar is, maar dat nu uit de schaduw en in de spotlight treedt.<\/p>\n<h3><\/h3>\n<h3>Diyana AFSARIAN, Yasmina ASSBANE, L\u00e9na BABINET, Manon BARA, Charlotte BEAUDRY, Val\u00e9rie BELIN, Florence CATS &amp; Joseph HOGAN, Bruno D\u2019ALIMONTE, Katrien DE BLAUWER, Maya DE MONDRAGON, Monica GIRON, Emilio LOPEZ-MENCHERO, Cornelius ANNOR, Aim\u00e9 NTAKIYICA, Beat STREULI<br \/>\nCostumized : Luna BERSANETTI, Constant EVEN, Cl\u00e9mentine LEGUEREC, Olivier REQUIER, Yue TENG<\/h3>\n<h3>Kunstenaars van de gemeetelijke collectie: Lodew BOSSCKE, Anne-Pierre DE KAT, Jacques DE HAEN, Jules DE PAEPE, L\u00e9on FR\u00c9D\u00c9RIC, Jacques MAES, Herman RICHIR<\/h3>\n<p>&nbsp;<\/p>\n<p><strong>OPENING\u00a0 22.09.2023 \u2013 18:00 &gt; 21:00<\/strong><br \/>\n<strong>TENTOONSTELLING\u00a0 23.09.2023 &gt; 26.11.2023<\/strong><\/p>\n<p>&nbsp;<\/p>\n<h6>Foto: Manon Bara, <em>QUEEN KONG GANG dress up art !<\/em> (detail), 2023<\/h6>\n<p>&nbsp;<\/p>\n<div id='gallery-1' class='gallery galleryid-8140 gallery-columns-4 gallery-size-thumbnail'><figure class='gallery-item'>\n\t\t\t<div class='gallery-icon landscape'>\n\t\t\t\t<a href='https:\/\/lamaisondesarts.be\/site\/wp-content\/uploads\/2023\/06\/p.66-Jacques-Maes-les-architectes-1952-collection-com-de-Schaerbeek-scaled-e1692958659847.jpg' rel=\"lightbox[8140]\"><img loading=\"lazy\" decoding=\"async\" width=\"480\" height=\"360\" src=\"https:\/\/lamaisondesarts.be\/site\/wp-content\/uploads\/2023\/06\/p.66-Jacques-Maes-les-architectes-1952-collection-com-de-Schaerbeek-480x360.jpg\" class=\"attachment-thumbnail size-thumbnail\" alt=\"Jacques Maes, Les architectes (Le couple Perniaux)\/De architecten (Het echtpaar Perniaux). Collection communale. Gemeentelijke collectie\" aria-describedby=\"gallery-1-8314\" srcset=\"https:\/\/lamaisondesarts.be\/site\/wp-content\/uploads\/2023\/06\/p.66-Jacques-Maes-les-architectes-1952-collection-com-de-Schaerbeek-480x360.jpg 480w, https:\/\/lamaisondesarts.be\/site\/wp-content\/uploads\/2023\/06\/p.66-Jacques-Maes-les-architectes-1952-collection-com-de-Schaerbeek-640x480.jpg 640w\" sizes=\"auto, (max-width: 480px) 100vw, 480px\" \/><\/a>\n\t\t\t<\/div>\n\t\t\t\t<figcaption class='wp-caption-text gallery-caption' id='gallery-1-8314'>\n\t\t\t\tJacques Maes, Les architectes (Le couple Perniaux)\/De architecten (Het echtpaar Perniaux). Collection communale. Gemeentelijke collectie\n\t\t\t\t<\/figcaption><\/figure><figure class='gallery-item'>\n\t\t\t<div class='gallery-icon landscape'>\n\t\t\t\t<a href='https:\/\/lamaisondesarts.be\/site\/wp-content\/uploads\/2023\/06\/Cornelius-Annor-Madwendwen-copyright-of-the-artist-courtesy-of-MARUANI-MERCIER-gallery-Belgium-scaled-e1692958690610.jpg' rel=\"lightbox[8140]\"><img loading=\"lazy\" decoding=\"async\" width=\"480\" height=\"360\" src=\"https:\/\/lamaisondesarts.be\/site\/wp-content\/uploads\/2023\/06\/Cornelius-Annor-Madwendwen-copyright-of-the-artist-courtesy-of-MARUANI-MERCIER-gallery-Belgium-480x360.jpg\" class=\"attachment-thumbnail size-thumbnail\" alt=\"Cornelius Annor, M\u2019adwendwen (Mes pens\u00e9es). Courtesy of MARUANI MERCIER Gallery, Belgium\" aria-describedby=\"gallery-1-8317\" srcset=\"https:\/\/lamaisondesarts.be\/site\/wp-content\/uploads\/2023\/06\/Cornelius-Annor-Madwendwen-copyright-of-the-artist-courtesy-of-MARUANI-MERCIER-gallery-Belgium-480x360.jpg 480w, https:\/\/lamaisondesarts.be\/site\/wp-content\/uploads\/2023\/06\/Cornelius-Annor-Madwendwen-copyright-of-the-artist-courtesy-of-MARUANI-MERCIER-gallery-Belgium-640x480.jpg 640w\" sizes=\"auto, (max-width: 480px) 100vw, 480px\" \/><\/a>\n\t\t\t<\/div>\n\t\t\t\t<figcaption class='wp-caption-text gallery-caption' id='gallery-1-8317'>\n\t\t\t\tCornelius Annor, M\u2019adwendwen (Mes pens\u00e9es). Courtesy of MARUANI MERCIER Gallery, Belgium\n\u00a9 Cornelius Annor\n\t\t\t\t<\/figcaption><\/figure><figure class='gallery-item'>\n\t\t\t<div class='gallery-icon landscape'>\n\t\t\t\t<a href='https:\/\/lamaisondesarts.be\/site\/wp-content\/uploads\/2023\/06\/1-231-scaled.jpg' rel=\"lightbox[8140]\"><img loading=\"lazy\" decoding=\"async\" width=\"480\" height=\"360\" src=\"https:\/\/lamaisondesarts.be\/site\/wp-content\/uploads\/2023\/06\/1-231-480x360.jpg\" class=\"attachment-thumbnail size-thumbnail\" alt=\"\" aria-describedby=\"gallery-1-10635\" srcset=\"https:\/\/lamaisondesarts.be\/site\/wp-content\/uploads\/2023\/06\/1-231-480x360.jpg 480w, https:\/\/lamaisondesarts.be\/site\/wp-content\/uploads\/2023\/06\/1-231-640x480.jpg 640w\" sizes=\"auto, (max-width: 480px) 100vw, 480px\" \/><\/a>\n\t\t\t<\/div>\n\t\t\t\t<figcaption class='wp-caption-text gallery-caption' id='gallery-1-10635'>\n\t\t\t\tEmilio Lopez Menchero, Trying to be Frida. (c) Candice Athena\u00efs\n\t\t\t\t<\/figcaption><\/figure><figure class='gallery-item'>\n\t\t\t<div class='gallery-icon portrait'>\n\t\t\t\t<a href='https:\/\/lamaisondesarts.be\/site\/wp-content\/uploads\/2023\/06\/1-224-scaled.jpg' rel=\"lightbox[8140]\"><img loading=\"lazy\" decoding=\"async\" width=\"480\" height=\"360\" src=\"https:\/\/lamaisondesarts.be\/site\/wp-content\/uploads\/2023\/06\/1-224-480x360.jpg\" class=\"attachment-thumbnail size-thumbnail\" alt=\"\" aria-describedby=\"gallery-1-10632\" srcset=\"https:\/\/lamaisondesarts.be\/site\/wp-content\/uploads\/2023\/06\/1-224-480x360.jpg 480w, https:\/\/lamaisondesarts.be\/site\/wp-content\/uploads\/2023\/06\/1-224-640x480.jpg 640w\" sizes=\"auto, (max-width: 480px) 100vw, 480px\" \/><\/a>\n\t\t\t<\/div>\n\t\t\t\t<figcaption class='wp-caption-text gallery-caption' id='gallery-1-10632'>\n\t\t\t\tAim\u00e9 Ntakiye, Wir, 2001. (c) Candice Athena\u00efs\n\t\t\t\t<\/figcaption><\/figure><figure class='gallery-item'>\n\t\t\t<div class='gallery-icon landscape'>\n\t\t\t\t<a href='https:\/\/lamaisondesarts.be\/site\/wp-content\/uploads\/2023\/06\/1-218-scaled.jpg' rel=\"lightbox[8140]\"><img loading=\"lazy\" decoding=\"async\" width=\"480\" height=\"360\" src=\"https:\/\/lamaisondesarts.be\/site\/wp-content\/uploads\/2023\/06\/1-218-480x360.jpg\" class=\"attachment-thumbnail size-thumbnail\" alt=\"\" aria-describedby=\"gallery-1-10629\" srcset=\"https:\/\/lamaisondesarts.be\/site\/wp-content\/uploads\/2023\/06\/1-218-480x360.jpg 480w, https:\/\/lamaisondesarts.be\/site\/wp-content\/uploads\/2023\/06\/1-218-640x480.jpg 640w\" sizes=\"auto, (max-width: 480px) 100vw, 480px\" \/><\/a>\n\t\t\t<\/div>\n\t\t\t\t<figcaption class='wp-caption-text gallery-caption' id='gallery-1-10629'>\n\t\t\t\tYasmina Assbane, sans titre. (c) Candice Athena\u00efs\n\t\t\t\t<\/figcaption><\/figure><figure class='gallery-item'>\n\t\t\t<div class='gallery-icon landscape'>\n\t\t\t\t<a href='https:\/\/lamaisondesarts.be\/site\/wp-content\/uploads\/2023\/06\/1-216-scaled.jpg' rel=\"lightbox[8140]\"><img loading=\"lazy\" decoding=\"async\" width=\"480\" height=\"360\" src=\"https:\/\/lamaisondesarts.be\/site\/wp-content\/uploads\/2023\/06\/1-216-480x360.jpg\" class=\"attachment-thumbnail size-thumbnail\" alt=\"\" aria-describedby=\"gallery-1-10626\" srcset=\"https:\/\/lamaisondesarts.be\/site\/wp-content\/uploads\/2023\/06\/1-216-480x360.jpg 480w, https:\/\/lamaisondesarts.be\/site\/wp-content\/uploads\/2023\/06\/1-216-640x480.jpg 640w\" sizes=\"auto, (max-width: 480px) 100vw, 480px\" \/><\/a>\n\t\t\t<\/div>\n\t\t\t\t<figcaption class='wp-caption-text gallery-caption' id='gallery-1-10626'>\n\t\t\t\tKatrien De Blauwer, Jump Cut 13. (c) Candice Athena\u00efs\n\t\t\t\t<\/figcaption><\/figure><figure class='gallery-item'>\n\t\t\t<div class='gallery-icon portrait'>\n\t\t\t\t<a href='https:\/\/lamaisondesarts.be\/site\/wp-content\/uploads\/2023\/06\/1-204-scaled.jpg' rel=\"lightbox[8140]\"><img loading=\"lazy\" decoding=\"async\" width=\"480\" height=\"360\" src=\"https:\/\/lamaisondesarts.be\/site\/wp-content\/uploads\/2023\/06\/1-204-480x360.jpg\" class=\"attachment-thumbnail size-thumbnail\" alt=\"\" aria-describedby=\"gallery-1-10623\" srcset=\"https:\/\/lamaisondesarts.be\/site\/wp-content\/uploads\/2023\/06\/1-204-480x360.jpg 480w, https:\/\/lamaisondesarts.be\/site\/wp-content\/uploads\/2023\/06\/1-204-640x480.jpg 640w\" sizes=\"auto, (max-width: 480px) 100vw, 480px\" \/><\/a>\n\t\t\t<\/div>\n\t\t\t\t<figcaption class='wp-caption-text gallery-caption' id='gallery-1-10623'>\n\t\t\t\tCharlotte Beaudry, sans titre, 2010. (c) Candice Athena\u00efs\n\t\t\t\t<\/figcaption><\/figure><figure class='gallery-item'>\n\t\t\t<div class='gallery-icon landscape'>\n\t\t\t\t<a href='https:\/\/lamaisondesarts.be\/site\/wp-content\/uploads\/2023\/06\/1-84-scaled.jpg' rel=\"lightbox[8140]\"><img loading=\"lazy\" decoding=\"async\" width=\"480\" height=\"360\" src=\"https:\/\/lamaisondesarts.be\/site\/wp-content\/uploads\/2023\/06\/1-84-480x360.jpg\" class=\"attachment-thumbnail size-thumbnail\" alt=\"\" aria-describedby=\"gallery-1-10593\" srcset=\"https:\/\/lamaisondesarts.be\/site\/wp-content\/uploads\/2023\/06\/1-84-480x360.jpg 480w, https:\/\/lamaisondesarts.be\/site\/wp-content\/uploads\/2023\/06\/1-84-640x480.jpg 640w\" sizes=\"auto, (max-width: 480px) 100vw, 480px\" \/><\/a>\n\t\t\t<\/div>\n\t\t\t\t<figcaption class='wp-caption-text gallery-caption' id='gallery-1-10593'>\n\t\t\t\tMonica Giron, Ajuar para un conquistador. (c) Candice Athena\u00efs\n\t\t\t\t<\/figcaption><\/figure><figure class='gallery-item'>\n\t\t\t<div class='gallery-icon landscape'>\n\t\t\t\t<a href='https:\/\/lamaisondesarts.be\/site\/wp-content\/uploads\/2023\/06\/1-113-scaled.jpg' rel=\"lightbox[8140]\"><img loading=\"lazy\" decoding=\"async\" width=\"480\" height=\"360\" src=\"https:\/\/lamaisondesarts.be\/site\/wp-content\/uploads\/2023\/06\/1-113-480x360.jpg\" class=\"attachment-thumbnail size-thumbnail\" alt=\"\" aria-describedby=\"gallery-1-10596\" srcset=\"https:\/\/lamaisondesarts.be\/site\/wp-content\/uploads\/2023\/06\/1-113-480x360.jpg 480w, https:\/\/lamaisondesarts.be\/site\/wp-content\/uploads\/2023\/06\/1-113-640x480.jpg 640w\" sizes=\"auto, (max-width: 480px) 100vw, 480px\" \/><\/a>\n\t\t\t<\/div>\n\t\t\t\t<figcaption class='wp-caption-text gallery-caption' id='gallery-1-10596'>\n\t\t\t\tBeat Streuli, Manhattan. (c) Candice Athena\u00efs\n\t\t\t\t<\/figcaption><\/figure><figure class='gallery-item'>\n\t\t\t<div class='gallery-icon portrait'>\n\t\t\t\t<a href='https:\/\/lamaisondesarts.be\/site\/wp-content\/uploads\/2023\/06\/1-125-scaled.jpg' rel=\"lightbox[8140]\"><img loading=\"lazy\" decoding=\"async\" width=\"480\" height=\"360\" src=\"https:\/\/lamaisondesarts.be\/site\/wp-content\/uploads\/2023\/06\/1-125-480x360.jpg\" class=\"attachment-thumbnail size-thumbnail\" alt=\"\" aria-describedby=\"gallery-1-10599\" srcset=\"https:\/\/lamaisondesarts.be\/site\/wp-content\/uploads\/2023\/06\/1-125-480x360.jpg 480w, https:\/\/lamaisondesarts.be\/site\/wp-content\/uploads\/2023\/06\/1-125-640x480.jpg 640w\" sizes=\"auto, (max-width: 480px) 100vw, 480px\" \/><\/a>\n\t\t\t<\/div>\n\t\t\t\t<figcaption class='wp-caption-text gallery-caption' id='gallery-1-10599'>\n\t\t\t\tDiana Afsarian, Marie-Antoinette et Louis XVI. (c) Candice Athena\u00efs\n\t\t\t\t<\/figcaption><\/figure><figure class='gallery-item'>\n\t\t\t<div class='gallery-icon landscape'>\n\t\t\t\t<a href='https:\/\/lamaisondesarts.be\/site\/wp-content\/uploads\/2023\/06\/1-33-scaled.jpg' rel=\"lightbox[8140]\"><img loading=\"lazy\" decoding=\"async\" width=\"480\" height=\"360\" src=\"https:\/\/lamaisondesarts.be\/site\/wp-content\/uploads\/2023\/06\/1-33-480x360.jpg\" class=\"attachment-thumbnail size-thumbnail\" alt=\"\" aria-describedby=\"gallery-1-10590\" srcset=\"https:\/\/lamaisondesarts.be\/site\/wp-content\/uploads\/2023\/06\/1-33-480x360.jpg 480w, https:\/\/lamaisondesarts.be\/site\/wp-content\/uploads\/2023\/06\/1-33-640x480.jpg 640w\" sizes=\"auto, (max-width: 480px) 100vw, 480px\" \/><\/a>\n\t\t\t<\/div>\n\t\t\t\t<figcaption class='wp-caption-text gallery-caption' id='gallery-1-10590'>\n\t\t\t\tMaya de Mondragon, Adrienne, 2022. (c) Candice Athena\u00efs\n\t\t\t\t<\/figcaption><\/figure><figure class='gallery-item'>\n\t\t\t<div class='gallery-icon portrait'>\n\t\t\t\t<a href='https:\/\/lamaisondesarts.be\/site\/wp-content\/uploads\/2023\/06\/1-142-scaled.jpg' rel=\"lightbox[8140]\"><img loading=\"lazy\" decoding=\"async\" width=\"480\" height=\"360\" src=\"https:\/\/lamaisondesarts.be\/site\/wp-content\/uploads\/2023\/06\/1-142-480x360.jpg\" class=\"attachment-thumbnail size-thumbnail\" alt=\"\" aria-describedby=\"gallery-1-10608\" srcset=\"https:\/\/lamaisondesarts.be\/site\/wp-content\/uploads\/2023\/06\/1-142-480x360.jpg 480w, https:\/\/lamaisondesarts.be\/site\/wp-content\/uploads\/2023\/06\/1-142-640x480.jpg 640w\" sizes=\"auto, (max-width: 480px) 100vw, 480px\" \/><\/a>\n\t\t\t<\/div>\n\t\t\t\t<figcaption class='wp-caption-text gallery-caption' id='gallery-1-10608'>\n\t\t\t\tL\u00e9na Babinet, Ce qui reste Voile. (c) Candice Athena\u00efs\n\t\t\t\t<\/figcaption><\/figure>\n\t\t<\/div>\n\n<h6>Foto: Manon Bara, <em>QUEEN KONG GANG dress up art !<\/em> (detail), 2023<\/h6>\n","protected":false},"excerpt":{"rendered":"<p>Tentoonstelling over het thema kleding<\/p>\n","protected":false},"author":2,"featured_media":8132,"comment_status":"open","ping_status":"open","sticky":false,"template":"","format":"standard","meta":{"_acf_changed":false,"footnotes":""},"categories":[79,78],"tags":[],"class_list":["post-8140","post","type-post","status-publish","format-standard","has-post-thumbnail","hentry","category-tentoonstelling","category-agenda-en-nl","artistes-bruno-dalimonte-nl","artistes-beat-streuli-nl","artistes-maya-de-mondragon-nl","artistes-cornelius-annor-nl","artistes-monica-giron-nl","artistes-diyana-afsarian-nl","artistes-lena-babinet-nl","artistes-florence-cats-joseph-hogan-nl","artistes-yasmina-assbane-nl","artistes-charlotte-beaudry-nl","artistes-katrien-de-blauwer","artistes-emilio-lopez-menchero-nl","publics-alle-leeftijden"],"acf":[],"aioseo_notices":[],"_links":{"self":[{"href":"https:\/\/lamaisondesarts.be\/nl\/wp-json\/wp\/v2\/posts\/8140","targetHints":{"allow":["GET"]}}],"collection":[{"href":"https:\/\/lamaisondesarts.be\/nl\/wp-json\/wp\/v2\/posts"}],"about":[{"href":"https:\/\/lamaisondesarts.be\/nl\/wp-json\/wp\/v2\/types\/post"}],"author":[{"embeddable":true,"href":"https:\/\/lamaisondesarts.be\/nl\/wp-json\/wp\/v2\/users\/2"}],"replies":[{"embeddable":true,"href":"https:\/\/lamaisondesarts.be\/nl\/wp-json\/wp\/v2\/comments?post=8140"}],"version-history":[{"count":6,"href":"https:\/\/lamaisondesarts.be\/nl\/wp-json\/wp\/v2\/posts\/8140\/revisions"}],"predecessor-version":[{"id":10649,"href":"https:\/\/lamaisondesarts.be\/nl\/wp-json\/wp\/v2\/posts\/8140\/revisions\/10649"}],"wp:featuredmedia":[{"embeddable":true,"href":"https:\/\/lamaisondesarts.be\/nl\/wp-json\/wp\/v2\/media\/8132"}],"wp:attachment":[{"href":"https:\/\/lamaisondesarts.be\/nl\/wp-json\/wp\/v2\/media?parent=8140"}],"wp:term":[{"taxonomy":"category","embeddable":true,"href":"https:\/\/lamaisondesarts.be\/nl\/wp-json\/wp\/v2\/categories?post=8140"},{"taxonomy":"post_tag","embeddable":true,"href":"https:\/\/lamaisondesarts.be\/nl\/wp-json\/wp\/v2\/tags?post=8140"}],"curies":[{"name":"wp","href":"https:\/\/api.w.org\/{rel}","templated":true}]}}