{"id":8366,"date":"2023-09-12T16:05:22","date_gmt":"2023-09-12T14:05:22","guid":{"rendered":"http:\/\/lamaisondesarts.be\/poetik-bazar\/"},"modified":"2023-09-12T16:11:28","modified_gmt":"2023-09-12T14:11:28","slug":"poetik-bazar","status":"publish","type":"post","link":"https:\/\/lamaisondesarts.be\/nl\/poetik-bazar\/","title":{"rendered":"Poetik Bazar"},"content":{"rendered":"<div id=\"column_469cc6053\" class=\"column\" data-xl-width=\"5\">\n<div class=\"content-wrapper\">\n<div id=\"content_ae413433b\" class=\"column-content\" data-module=\"text\">\n<div class=\"is-content\">\n<p style=\"text-align: justify;\"><strong><span style=\"color: #a9dd49;\">Welkom op Poetik Bazar, de Po\u00ebziemarkt van Brussel!<br \/>\n<\/span><span style=\"color: #a9dd49;\">Na het succes van de vorige edities is Poetik Bazar helemaal terug op 22, 23 en 24 september 2023.<br \/>\n<\/span><span style=\"color: #a9dd49;\">Uitgevers van po\u00ebzie uit Belgi\u00eb, Frankrijk, Nederland en Quebec. Parallel aan de uitgeverijenmarkt, presenteert Poetik Bazar ook een rijk programma dat bestaat uit lezingen, ontmoetingen en workshops bedoeld om de vitaliteit van de hedendaagse po\u00ebziesc\u00e8ne te belichten.<\/span><\/strong><\/p>\n<h3 style=\"text-align: justify;\"><span style=\"color: #a9dd49; letter-spacing: 0rem;\" data-letter-spacing-xl=\"0.000rem\">\u00a0<\/span><\/h3>\n<p><strong>Programma in La Maison des Arts:<\/strong><\/p>\n<\/div>\n<p><strong>ZA 23.09 | 10:30 &#8211; 11:30<br \/>\n<a href=\"http:\/\/poetikbazar.be\/event\/nl-yoga-poetry\" target=\"_blank\" rel=\"noopener\">Workshop: Yoga &amp; Poetry &#8211; VOL<\/a><br \/>\n<\/strong><\/p>\n<p style=\"text-align: justify;\">Overtuigd dat yoga helende adem in het lichaam brengt, en dat po\u00ebzie het ontastbare van de wereld overstijgt, zullen Gia &amp; Le\u00efla verheugd zijn om yoga en po\u00ebzie te verweven op zaterdag 23 september aanstaande.<br \/>\nSamen zullen ze je een 60-minuten durende tussenstop bieden gewijd aan Viniyoga en welzijnspraktijken. Samen zullen we eenvoudige houdingen en sequenties beoefenen met als doel vitale energie, &#8220;prana&#8221;, te laten circuleren.<br \/>\n<strong>De workshop is vol !<\/strong><\/p>\n<p><strong>ZA 23.09 | 11:30 &#8211; 14:30<br \/>\n<a href=\"http:\/\/poetikbazar.be\/event\/nl-petites-annonces\" target=\"_blank\" rel=\"noopener\">SCHRIJF WORKSHOP: POETIKE ZOEKERTJES (MEDOR)<\/a><br \/>\n<\/strong><\/p>\n<p>Zit je vast bij het schrijven? Weet je niet wat je moet schrijven? Wil je de codes van advertenties eens uitproberen? Doe mee aan onze gratis doorlopende workshop in de tuin van het Huis van de Kunsten, in een zachte en (hopelijk) zonnige omgeving. We gaan zitten, kletsen en schrijven samen.<\/p>\n<p>De kleine advertenties die tijdens deze workshop worden geschreven, zullen worden gepubliceerd in het volgende nummer van M\u00e9dor, dus kom je voorstellen delen of gewoon wat er in je opkomt, we kijken ernaar uit om van je te horen!<\/p>\n<p><strong>ZO 24.09<\/strong> | <strong>13:00 &#8211; 14:30<\/strong><br \/>\n<a href=\"http:\/\/poetikbazar.be\/event\/open-mic-jeremie-tholome-nl\" target=\"_blank\" rel=\"noopener\"><strong>OPEN MIC MET JEREMIE THOLOME<\/strong><\/a><\/p>\n<div id=\"content_679af9235\" class=\"column-content\" data-module=\"text\">\n<div class=\"is-content\">\n<p style=\"text-align: justify;\">Welkom bij het Maison des Arts om een ademhaling, een vonk, een woord te delen: een van uw teksten, in proza, po\u00ebzie, slam, met of zonder rijm, of dat van een artiest die u bewondert. U kunt ook gewoon komen luisteren en de zielen aanmoedigen die het podium betreden, en genieten van de tentoonstelling &#8220;Dressing&#8221;, een expositie over het thema van kleding. Overigens worden extravagante kledingstukken aangemoedigd, evenals tekstuele verwijzingen naar kleding en de relatie tot het lichaam.<\/p>\n<\/div>\n<\/div>\n<\/div>\n<p><strong>ZO 24.09<\/strong> | <strong>15:00 &#8211; 15:30<br \/>\n<a href=\"http:\/\/poetikbazar.be\/event\/oratorio-dimanche-fr\" target=\"_blank\" rel=\"noopener\">ORATORIO 627941 &#8211; Pina Wood &amp; Yogi<\/a><br \/>\n<\/strong><\/p>\n<div id=\"content_ffaad822f\" class=\"column-content\" data-module=\"text\">\n<div class=\"is-content\">\n<p>Oratorio: Lyrisch drama over een algemeen religieus onderwerp, een bijbels verhaal op muziek gezet en gezongen zonder enscenering.<br \/>\nYogi is een muzikant en geluidstechnicus. Hij zoekt onderdompeling in een organische geluidsband. Pina is een dichteres en dramaturge. Ze zoekt naar de taal die haar voorouders haar hebben nagelaten, als een raadsel, begraven in haarzelf. Ge\u00efnspireerd door het universum ontwikkeld door Antoine Volodine en zijn concept van Post-exotisme, cre\u00ebren ze samen een oratorium dat zich presenteert als een feestmaal van uitroepen, een knetterende en polyfone tussenspel.<\/p>\n<\/div>\n<\/div>\n<div id=\"content_95db596f3\" class=\"column-content\" data-module=\"spacer\">\n<div class=\"spacer-container\">\n<div class=\"is-content\"><\/div>\n<div><a href=\"http:\/\/poetikbazar.be\/\" target=\"_blank\" rel=\"noopener\">Programme complet de Poetik Bazar<\/a><\/div>\n<\/div>\n<\/div>\n<\/div>\n<\/div>\n","protected":false},"excerpt":{"rendered":"<p>Welkom op Poetik Bazar, de Po\u00ebziemarkt van Brussel!<\/p>\n","protected":false},"author":2,"featured_media":8363,"comment_status":"open","ping_status":"open","sticky":false,"template":"","format":"standard","meta":{"_acf_changed":false,"footnotes":""},"categories":[78,91],"tags":[],"class_list":["post-8366","post","type-post","status-publish","format-standard","has-post-thumbnail","hentry","category-agenda-en-nl","category-evenements-nl","publics-volwassenen","publics-alle-leeftijden"],"acf":[],"aioseo_notices":[],"_links":{"self":[{"href":"https:\/\/lamaisondesarts.be\/nl\/wp-json\/wp\/v2\/posts\/8366","targetHints":{"allow":["GET"]}}],"collection":[{"href":"https:\/\/lamaisondesarts.be\/nl\/wp-json\/wp\/v2\/posts"}],"about":[{"href":"https:\/\/lamaisondesarts.be\/nl\/wp-json\/wp\/v2\/types\/post"}],"author":[{"embeddable":true,"href":"https:\/\/lamaisondesarts.be\/nl\/wp-json\/wp\/v2\/users\/2"}],"replies":[{"embeddable":true,"href":"https:\/\/lamaisondesarts.be\/nl\/wp-json\/wp\/v2\/comments?post=8366"}],"version-history":[{"count":2,"href":"https:\/\/lamaisondesarts.be\/nl\/wp-json\/wp\/v2\/posts\/8366\/revisions"}],"predecessor-version":[{"id":8368,"href":"https:\/\/lamaisondesarts.be\/nl\/wp-json\/wp\/v2\/posts\/8366\/revisions\/8368"}],"wp:featuredmedia":[{"embeddable":true,"href":"https:\/\/lamaisondesarts.be\/nl\/wp-json\/wp\/v2\/media\/8363"}],"wp:attachment":[{"href":"https:\/\/lamaisondesarts.be\/nl\/wp-json\/wp\/v2\/media?parent=8366"}],"wp:term":[{"taxonomy":"category","embeddable":true,"href":"https:\/\/lamaisondesarts.be\/nl\/wp-json\/wp\/v2\/categories?post=8366"},{"taxonomy":"post_tag","embeddable":true,"href":"https:\/\/lamaisondesarts.be\/nl\/wp-json\/wp\/v2\/tags?post=8366"}],"curies":[{"name":"wp","href":"https:\/\/api.w.org\/{rel}","templated":true}]}}